{"id":1955,"date":"2021-07-02T20:17:34","date_gmt":"2021-07-02T20:17:34","guid":{"rendered":"https:\/\/mundomarron.cl\/?p=1955"},"modified":"2024-03-21T01:24:05","modified_gmt":"2024-03-21T01:24:05","slug":"la-amatista-el-cuarzo-de-la-paz","status":"publish","type":"post","link":"https:\/\/mundomarron.cl\/inicio\/2021\/07\/02\/la-amatista-el-cuarzo-de-la-paz\/","title":{"rendered":"La Amatista, el cuarzo de la paz"},"content":{"rendered":"\n<p>La AMATISTA es un cuarzo violeta, es una piedra empapada en la magia antigua. Es, quiz\u00e1, tan popular hoy en d\u00eda como lo fue hace dos mil a\u00f1os. El nombre de la piedra procede del griego amethustos, que significa: \u00abel que no est\u00e1 ebrio\u00bb. Griegos y romanos beb\u00edan en copas de amatista para protegerse de los efectos del alcohol. Seg\u00fan Plinio, la amatista protege de la brujer\u00eda si est\u00e1 grabada con las figuras de la Luna y del Sol y va atada al cuello con plumones de pavo real y las plumas de una golondrina, debido a que estos dos animales eran sagrados para los antiguos. Piedra espiritual con absolutamente ning\u00fan efecto colateral o asociaciones con la violencia, la ira o la pasi\u00f3n, la amatista es la piedra de la paz.<\/p>\n\n\n\n<figure class=\"wp-block-image size-large\"><img loading=\"lazy\" decoding=\"async\" width=\"1200\" height=\"646\" src=\"https:\/\/mundomarron.cl\/wp-content\/uploads\/2021\/07\/la-amatista.jpg\" alt=\"\" class=\"wp-image-1959\" srcset=\"https:\/\/mundomarron.cl\/wp-content\/uploads\/2021\/07\/la-amatista.jpg 1200w, https:\/\/mundomarron.cl\/wp-content\/uploads\/2021\/07\/la-amatista-247x133.jpg 247w, https:\/\/mundomarron.cl\/wp-content\/uploads\/2021\/07\/la-amatista-510x275.jpg 510w, https:\/\/mundomarron.cl\/wp-content\/uploads\/2021\/07\/la-amatista-743x400.jpg 743w, https:\/\/mundomarron.cl\/wp-content\/uploads\/2021\/07\/la-amatista-768x413.jpg 768w, https:\/\/mundomarron.cl\/wp-content\/uploads\/2021\/07\/la-amatista-600x323.jpg 600w\" sizes=\"auto, (max-width: 1200px) 100vw, 1200px\" \/><\/figure>\n\n\n\n<p>Colocada debajo de la almohada o usada al momento de ir a la cama, la amatista aleja el insomnio y las pesadillas. Produce un sue\u00f1o placentero y sue\u00f1os agradables, curativos y hasta prof\u00e9ticos. Tambi\u00e9n asegurar\u00e1 que quien la usa no duerma m\u00e1s de lo necesario.<\/p>\n\n\n\n<p>La amatista calma los miedos, eleva las esperanzas, levanta el esp\u00edritu y fomenta pensamientos de la realidad espiritual detr\u00e1s de nuestras vidas. Usarla significa alejar la culpa y el autoenga\u00f1o, ayuda a superar adicciones como el alcoholismo, pone freno al exceso de indulgencia y otorga buen juicio.<\/p>\n\n\n\n<p>La amatista calma las tormentas emocionales. A\u00fan en situaciones de posible peligro, la amatista acudir\u00e1 en su ayuda.La amatista tambi\u00e9n brinda coraje a quien la usa y es un poderoso amuleto para los viajeros. Quien la usa est\u00e1 protegido contra los ladrones, el da\u00f1o, la enfermedad y el peligro.<\/p>\n\n\n\n<figure class=\"wp-block-image size-large\"><img loading=\"lazy\" decoding=\"async\" width=\"699\" height=\"800\" src=\"https:\/\/mundomarron.cl\/wp-content\/uploads\/2021\/07\/GuerreroAmethyste-1-699x800.jpg\" alt=\"\" class=\"wp-image-1966\" srcset=\"https:\/\/mundomarron.cl\/wp-content\/uploads\/2021\/07\/GuerreroAmethyste-1-699x800.jpg 699w, https:\/\/mundomarron.cl\/wp-content\/uploads\/2021\/07\/GuerreroAmethyste-1-scaled-247x283.jpg 247w, https:\/\/mundomarron.cl\/wp-content\/uploads\/2021\/07\/GuerreroAmethyste-1-scaled-510x584.jpg 510w, https:\/\/mundomarron.cl\/wp-content\/uploads\/2021\/07\/GuerreroAmethyste-1-350x400.jpg 350w, https:\/\/mundomarron.cl\/wp-content\/uploads\/2021\/07\/GuerreroAmethyste-1-768x879.jpg 768w, https:\/\/mundomarron.cl\/wp-content\/uploads\/2021\/07\/GuerreroAmethyste-1-1342x1536.jpg 1342w, https:\/\/mundomarron.cl\/wp-content\/uploads\/2021\/07\/GuerreroAmethyste-1-1790x2048.jpg 1790w, https:\/\/mundomarron.cl\/wp-content\/uploads\/2021\/07\/GuerreroAmethyste-1-600x686.jpg 600w\" sizes=\"auto, (max-width: 699px) 100vw, 699px\" \/><\/figure>\n\n\n\n<p>Gracias a que es una piedra espiritual, la amatista se usa con frecuencia durante la contemplaci\u00f3n o se coloca en simples altares de meditaci\u00f3n.Una pieza puesta delante de una vela blanca y un incensario dentro del que arde algo calmante y de elevadas vibraciones, como el s\u00e1ndalo, es favorable para las pr\u00e1cticas de meditaci\u00f3n. Los ba\u00f1os previos a la meditaci\u00f3n pueden ser una poderosa forma de ponerse en armon\u00eda. Mientras se ba\u00f1a, haga arder una vela de color p\u00farpura claro y rodee la vela con amatistas.La amatista tambi\u00e9n se usa para aumentar la conciencia ps\u00edquica y para agudizar el \u00absexto sentido\u00bb.Algunos tienen una amatista junto con sus naipes de tarot, sus tallos de milenrama o monedas de I Ching, o sus piedras m\u00e1gicas para aumentar sus energ\u00edas interiores.<\/p>\n\n\n\n<p>Los beneficios mas comentados son:<\/p>\n\n\n\n<div class=\"wp-block-group\"><div class=\"wp-block-group__inner-container is-layout-flow wp-block-group-is-layout-flow\">\n<div class=\"wp-block-group\"><div class=\"wp-block-group__inner-container is-layout-flow wp-block-group-is-layout-flow\">\n<ul class=\"wp-block-list\"><li>Aumenta la inteligencia, preservando de las enfermedades contagiosas y la gota.&nbsp;<\/li><\/ul>\n\n\n\n<ul class=\"wp-block-list\"><li>Es adecuada para los sistemas nervioso y end\u00f3crino.&nbsp;<\/li><\/ul>\n\n\n\n<ul class=\"wp-block-list\"><li>Ayuda controlar la diabetes y fortalece los globulos rojos.&nbsp;<\/li><\/ul>\n\n\n\n<ul class=\"wp-block-list\"><li>Purifica y armoniza el ambiente en que se vive \u00f3 trabaja, transmutando las energ\u00edas negativas en positivas.&nbsp;<\/li><\/ul>\n\n\n\n<ul class=\"wp-block-list\"><li>Es una piedra de poder, energ\u00eda, pureza y justicia.&nbsp;<\/li><\/ul>\n<\/div><\/div>\n\n\n\n<ul class=\"wp-block-list\"><li>Sirve de protecci\u00f3n, paz y espiritualidad pues no permite la tristeza ni la injusticia.&nbsp;<\/li><\/ul>\n\n\n\n<ul class=\"wp-block-list\"><li>Desarrolla el poder ps\u00edquico y produce buena suerte.&nbsp;<\/li><\/ul>\n\n\n\n<ul class=\"wp-block-list\"><li>Es la puerta de las fuerzas espirituales superiores.&nbsp;<\/li><\/ul>\n\n\n\n<ul class=\"wp-block-list\"><li>Las neuralgias y los dolores de cabeza se curan frotando la piedra en el lugar afectado. La m\u00e1xima protecci\u00f3n que se puede llevar es: un pentaculo en oro, rodeado por un c\u00edrculo de oro, con una amatista en el centro.&nbsp;<\/li><\/ul>\n\n\n\n<ul class=\"wp-block-list\"><li>Por su proyecci\u00f3n de luz ultravioleta es muy empleada por los m\u00e9dicos y los sanadores. Est\u00e1 relacionada con los chakras coronario y tercer ojo.&nbsp;<\/li><\/ul>\n\n\n\n<ul class=\"wp-block-list\"><li>Antiguos alquimistas dec\u00edan que la piedra se oscurec\u00eda si se encontraba o enfrentaba con poderes negativos.<\/li><\/ul>\n<\/div><\/div>\n\n\n\n<p>En Mundo Marron tenemos a la hermosa Amatista en varios de nuestros productos:<\/p>\n\n\n<div data-block-name=\"woocommerce\/product-tag\" data-tags=\"[79]\" class=\"wc-block-grid wp-block-product-tag wp-block-woocommerce-product-tag wc-block-product-tag has-3-columns has-multiple-rows\"><ul class=\"wc-block-grid__products\"><li class=\"wc-block-grid__product\">\n\t\t\t\t<a href=\"https:\/\/mundomarron.cl\/inicio\/producto\/obelisco-amatista-4\/\" class=\"wc-block-grid__product-link\">\n\t\t\t\t\t\n\t\t\t\t\t<div class=\"wc-block-grid__product-image\"><img loading=\"lazy\" decoding=\"async\" width=\"247\" height=\"371\" src=\"https:\/\/mundomarron.cl\/wp-content\/uploads\/2022\/02\/obelisco-amatista-247x371.jpg\" class=\"attachment-woocommerce_thumbnail size-woocommerce_thumbnail\" alt=\"Obelisco Amatista\" srcset=\"https:\/\/mundomarron.cl\/wp-content\/uploads\/2022\/02\/obelisco-amatista-247x371.jpg 247w, https:\/\/mundomarron.cl\/wp-content\/uploads\/2022\/02\/obelisco-amatista-510x765.jpg 510w, https:\/\/mundomarron.cl\/wp-content\/uploads\/2022\/02\/obelisco-amatista-267x400.jpg 267w, https:\/\/mundomarron.cl\/wp-content\/uploads\/2022\/02\/obelisco-amatista-533x800.jpg 533w, https:\/\/mundomarron.cl\/wp-content\/uploads\/2022\/02\/obelisco-amatista-768x1152.jpg 768w, https:\/\/mundomarron.cl\/wp-content\/uploads\/2022\/02\/obelisco-amatista-1024x1536.jpg 1024w, https:\/\/mundomarron.cl\/wp-content\/uploads\/2022\/02\/obelisco-amatista-1365x2048.jpg 1365w, https:\/\/mundomarron.cl\/wp-content\/uploads\/2022\/02\/obelisco-amatista.jpg 1504w\" sizes=\"auto, (max-width: 247px) 100vw, 247px\" \/><\/div>\n\t\t\t\t\t<div class=\"wc-block-grid__product-title\">Obelisco Amatista<\/div>\n\t\t\t\t<\/a>\n\t\t\t\t<div class=\"wc-block-grid__product-price price\"><span class=\"woocommerce-Price-amount amount\"><span class=\"woocommerce-Price-currencySymbol\">&#036;<\/span>20.800<\/span><\/div>\n\t\t\t\t\n\t\t\t\t<div class=\"wp-block-button wc-block-grid__product-add-to-cart\"><a href=\"\/inicio\/wp-json\/wp\/v2\/posts\/1955?add-to-cart=2716\" aria-label=\"A\u00f1adir al carrito: &ldquo;Obelisco Amatista&rdquo;\" data-quantity=\"1\" data-product_id=\"2716\" data-product_sku=\"\" data-price=\"20800\" rel=\"nofollow\" class=\"wp-block-button__link  add_to_cart_button ajax_add_to_cart\">A\u00f1adir al carrito<\/a><\/div>\n\t\t\t<\/li><li class=\"wc-block-grid__product\">\n\t\t\t\t<a href=\"https:\/\/mundomarron.cl\/inicio\/producto\/amatista-con-arbol-de-la-vida\/\" class=\"wc-block-grid__product-link\">\n\t\t\t\t\t\n\t\t\t\t\t<div class=\"wc-block-grid__product-image\"><img loading=\"lazy\" decoding=\"async\" width=\"247\" height=\"371\" src=\"https:\/\/mundomarron.cl\/wp-content\/uploads\/2022\/02\/amatista-arbol-de-la-vida-1-247x371.jpg\" class=\"attachment-woocommerce_thumbnail size-woocommerce_thumbnail\" alt=\"Amatista con Arbol de la Vida\" srcset=\"https:\/\/mundomarron.cl\/wp-content\/uploads\/2022\/02\/amatista-arbol-de-la-vida-1-247x371.jpg 247w, https:\/\/mundomarron.cl\/wp-content\/uploads\/2022\/02\/amatista-arbol-de-la-vida-1-510x765.jpg 510w, https:\/\/mundomarron.cl\/wp-content\/uploads\/2022\/02\/amatista-arbol-de-la-vida-1-267x400.jpg 267w, https:\/\/mundomarron.cl\/wp-content\/uploads\/2022\/02\/amatista-arbol-de-la-vida-1-533x800.jpg 533w, https:\/\/mundomarron.cl\/wp-content\/uploads\/2022\/02\/amatista-arbol-de-la-vida-1-768x1152.jpg 768w, https:\/\/mundomarron.cl\/wp-content\/uploads\/2022\/02\/amatista-arbol-de-la-vida-1-1024x1536.jpg 1024w, https:\/\/mundomarron.cl\/wp-content\/uploads\/2022\/02\/amatista-arbol-de-la-vida-1-1365x2048.jpg 1365w, https:\/\/mundomarron.cl\/wp-content\/uploads\/2022\/02\/amatista-arbol-de-la-vida-1.jpg 1504w\" sizes=\"auto, (max-width: 247px) 100vw, 247px\" \/><\/div>\n\t\t\t\t\t<div class=\"wc-block-grid__product-title\">Amatista con Arbol de la Vida<\/div>\n\t\t\t\t<\/a>\n\t\t\t\t<div class=\"wc-block-grid__product-price price\"><span class=\"woocommerce-Price-amount amount\"><span class=\"woocommerce-Price-currencySymbol\">&#036;<\/span>6.000<\/span><\/div>\n\t\t\t\t\n\t\t\t\t<div class=\"wp-block-button wc-block-grid__product-add-to-cart\"><a href=\"\/inicio\/wp-json\/wp\/v2\/posts\/1955?add-to-cart=2649\" aria-label=\"A\u00f1adir al carrito: &ldquo;Amatista con Arbol de la Vida&rdquo;\" data-quantity=\"1\" data-product_id=\"2649\" data-product_sku=\"\" data-price=\"6000\" rel=\"nofollow\" class=\"wp-block-button__link  add_to_cart_button ajax_add_to_cart\">A\u00f1adir al carrito<\/a><\/div>\n\t\t\t<\/li><li class=\"wc-block-grid__product\">\n\t\t\t\t<a href=\"https:\/\/mundomarron.cl\/inicio\/producto\/amatista-con-mano-de-fatima\/\" class=\"wc-block-grid__product-link\">\n\t\t\t\t\t\n\t\t\t\t\t<div class=\"wc-block-grid__product-image\"><img loading=\"lazy\" decoding=\"async\" width=\"247\" height=\"371\" src=\"https:\/\/mundomarron.cl\/wp-content\/uploads\/2022\/02\/amatista-mano-de-fatima-1-247x371.jpg\" class=\"attachment-woocommerce_thumbnail size-woocommerce_thumbnail\" alt=\"Amatista con Mano de Fatima\" srcset=\"https:\/\/mundomarron.cl\/wp-content\/uploads\/2022\/02\/amatista-mano-de-fatima-1-247x371.jpg 247w, https:\/\/mundomarron.cl\/wp-content\/uploads\/2022\/02\/amatista-mano-de-fatima-1-510x765.jpg 510w, https:\/\/mundomarron.cl\/wp-content\/uploads\/2022\/02\/amatista-mano-de-fatima-1-267x400.jpg 267w, https:\/\/mundomarron.cl\/wp-content\/uploads\/2022\/02\/amatista-mano-de-fatima-1-533x800.jpg 533w, https:\/\/mundomarron.cl\/wp-content\/uploads\/2022\/02\/amatista-mano-de-fatima-1-768x1152.jpg 768w, https:\/\/mundomarron.cl\/wp-content\/uploads\/2022\/02\/amatista-mano-de-fatima-1-1024x1536.jpg 1024w, https:\/\/mundomarron.cl\/wp-content\/uploads\/2022\/02\/amatista-mano-de-fatima-1-1365x2048.jpg 1365w, https:\/\/mundomarron.cl\/wp-content\/uploads\/2022\/02\/amatista-mano-de-fatima-1.jpg 1504w\" sizes=\"auto, (max-width: 247px) 100vw, 247px\" \/><\/div>\n\t\t\t\t\t<div class=\"wc-block-grid__product-title\">Amatista con Mano de Fatima<\/div>\n\t\t\t\t<\/a>\n\t\t\t\t<div class=\"wc-block-grid__product-price price\"><span class=\"woocommerce-Price-amount amount\"><span class=\"woocommerce-Price-currencySymbol\">&#036;<\/span>6.000<\/span><\/div>\n\t\t\t\t\n\t\t\t\t<div class=\"wp-block-button wc-block-grid__product-add-to-cart\"><a href=\"\/inicio\/wp-json\/wp\/v2\/posts\/1955?add-to-cart=2650\" aria-label=\"A\u00f1adir al carrito: &ldquo;Amatista con Mano de Fatima&rdquo;\" data-quantity=\"1\" data-product_id=\"2650\" data-product_sku=\"\" data-price=\"6000\" rel=\"nofollow\" class=\"wp-block-button__link  add_to_cart_button ajax_add_to_cart\">A\u00f1adir al carrito<\/a><\/div>\n\t\t\t<\/li><li class=\"wc-block-grid__product\">\n\t\t\t\t<a href=\"https:\/\/mundomarron.cl\/inicio\/producto\/amatista-5\/\" class=\"wc-block-grid__product-link\">\n\t\t\t\t\t\n\t\t\t\t\t<div class=\"wc-block-grid__product-image\"><img loading=\"lazy\" decoding=\"async\" width=\"247\" height=\"371\" src=\"https:\/\/mundomarron.cl\/wp-content\/uploads\/2021\/06\/MG_0890-247x371.jpg\" class=\"attachment-woocommerce_thumbnail size-woocommerce_thumbnail\" alt=\"Amatista\" srcset=\"https:\/\/mundomarron.cl\/wp-content\/uploads\/2021\/06\/MG_0890-247x371.jpg 247w, https:\/\/mundomarron.cl\/wp-content\/uploads\/2021\/06\/MG_0890-510x765.jpg 510w, https:\/\/mundomarron.cl\/wp-content\/uploads\/2021\/06\/MG_0890-267x400.jpg 267w, https:\/\/mundomarron.cl\/wp-content\/uploads\/2021\/06\/MG_0890-533x800.jpg 533w, https:\/\/mundomarron.cl\/wp-content\/uploads\/2021\/06\/MG_0890-768x1152.jpg 768w, https:\/\/mundomarron.cl\/wp-content\/uploads\/2021\/06\/MG_0890-1024x1536.jpg 1024w, https:\/\/mundomarron.cl\/wp-content\/uploads\/2021\/06\/MG_0890-1365x2048.jpg 1365w, https:\/\/mundomarron.cl\/wp-content\/uploads\/2021\/06\/MG_0890-600x900.jpg 600w, https:\/\/mundomarron.cl\/wp-content\/uploads\/2021\/06\/MG_0890.jpg 1504w\" sizes=\"auto, (max-width: 247px) 100vw, 247px\" \/><\/div>\n\t\t\t\t\t<div class=\"wc-block-grid__product-title\">Amatista<\/div>\n\t\t\t\t<\/a>\n\t\t\t\t<div class=\"wc-block-grid__product-price price\"><span class=\"woocommerce-Price-amount amount\"><span class=\"woocommerce-Price-currencySymbol\">&#036;<\/span>2.000<\/span><\/div>\n\t\t\t\t\n\t\t\t\t<div class=\"wp-block-button wc-block-grid__product-add-to-cart\"><a href=\"\/inicio\/wp-json\/wp\/v2\/posts\/1955?add-to-cart=1931\" aria-label=\"A\u00f1adir al carrito: &ldquo;Amatista&rdquo;\" data-quantity=\"1\" data-product_id=\"1931\" data-product_sku=\"\" data-price=\"2000\" rel=\"nofollow\" class=\"wp-block-button__link  add_to_cart_button ajax_add_to_cart\">A\u00f1adir al carrito<\/a><\/div>\n\t\t\t<\/li><li class=\"wc-block-grid__product\">\n\t\t\t\t<a href=\"https:\/\/mundomarron.cl\/inicio\/producto\/botella-para-elixir-de-amatista\/\" class=\"wc-block-grid__product-link\">\n\t\t\t\t\t\n\t\t\t\t\t<div class=\"wc-block-grid__product-image\"><img loading=\"lazy\" decoding=\"async\" width=\"247\" height=\"371\" src=\"https:\/\/mundomarron.cl\/wp-content\/uploads\/2021\/03\/amatista-247x371.jpg\" class=\"attachment-woocommerce_thumbnail size-woocommerce_thumbnail\" alt=\"Botella para Elixir de Amatista\" srcset=\"https:\/\/mundomarron.cl\/wp-content\/uploads\/2021\/03\/amatista-247x371.jpg 247w, https:\/\/mundomarron.cl\/wp-content\/uploads\/2021\/03\/amatista-510x765.jpg 510w, https:\/\/mundomarron.cl\/wp-content\/uploads\/2021\/03\/amatista.jpg 1504w\" sizes=\"auto, (max-width: 247px) 100vw, 247px\" \/><\/div>\n\t\t\t\t\t<div class=\"wc-block-grid__product-title\">Botella para Elixir de Amatista<\/div>\n\t\t\t\t<\/a>\n\t\t\t\t<div class=\"wc-block-grid__product-price price\"><span class=\"woocommerce-Price-amount amount\"><span class=\"woocommerce-Price-currencySymbol\">&#036;<\/span>20.000<\/span><\/div>\n\t\t\t\t\n\t\t\t\t<div class=\"wp-block-button wc-block-grid__product-add-to-cart\"><a href=\"\/inicio\/wp-json\/wp\/v2\/posts\/1955?add-to-cart=927\" aria-label=\"A\u00f1adir al carrito: &ldquo;Botella para Elixir de Amatista&rdquo;\" data-quantity=\"1\" data-product_id=\"927\" data-product_sku=\"714429\" data-price=\"20000\" rel=\"nofollow\" class=\"wp-block-button__link  add_to_cart_button ajax_add_to_cart\">A\u00f1adir al carrito<\/a><\/div>\n\t\t\t<\/li><\/ul><\/div>","protected":false},"excerpt":{"rendered":"<p>La AMATISTA es un cuarzo violeta, es una piedra empapada en la magia antigua. Es, quiz\u00e1, tan popular hoy en d\u00eda como lo fue hace dos mil a\u00f1os. El nombre de la piedra procede del griego amethustos, que significa: \u00abel que no est\u00e1 ebrio\u00bb. Griegos y romanos beb\u00edan en copas de amatista para protegerse de [&#8230;]\n","protected":false},"author":1,"featured_media":1960,"comment_status":"open","ping_status":"closed","sticky":false,"template":"","format":"standard","meta":{"footnotes":""},"categories":[143],"tags":[],"class_list":["post-1955","post","type-post","status-publish","format-standard","has-post-thumbnail","hentry","category-gemas"],"aioseo_notices":[],"_links":{"self":[{"href":"https:\/\/mundomarron.cl\/inicio\/wp-json\/wp\/v2\/posts\/1955","targetHints":{"allow":["GET"]}}],"collection":[{"href":"https:\/\/mundomarron.cl\/inicio\/wp-json\/wp\/v2\/posts"}],"about":[{"href":"https:\/\/mundomarron.cl\/inicio\/wp-json\/wp\/v2\/types\/post"}],"author":[{"embeddable":true,"href":"https:\/\/mundomarron.cl\/inicio\/wp-json\/wp\/v2\/users\/1"}],"replies":[{"embeddable":true,"href":"https:\/\/mundomarron.cl\/inicio\/wp-json\/wp\/v2\/comments?post=1955"}],"version-history":[{"count":5,"href":"https:\/\/mundomarron.cl\/inicio\/wp-json\/wp\/v2\/posts\/1955\/revisions"}],"predecessor-version":[{"id":1969,"href":"https:\/\/mundomarron.cl\/inicio\/wp-json\/wp\/v2\/posts\/1955\/revisions\/1969"}],"wp:featuredmedia":[{"embeddable":true,"href":"https:\/\/mundomarron.cl\/inicio\/wp-json\/wp\/v2\/media\/1960"}],"wp:attachment":[{"href":"https:\/\/mundomarron.cl\/inicio\/wp-json\/wp\/v2\/media?parent=1955"}],"wp:term":[{"taxonomy":"category","embeddable":true,"href":"https:\/\/mundomarron.cl\/inicio\/wp-json\/wp\/v2\/categories?post=1955"},{"taxonomy":"post_tag","embeddable":true,"href":"https:\/\/mundomarron.cl\/inicio\/wp-json\/wp\/v2\/tags?post=1955"}],"curies":[{"name":"wp","href":"https:\/\/api.w.org\/{rel}","templated":true}]}}